{"id":1505,"date":"2022-05-19T15:38:00","date_gmt":"2022-05-19T15:38:00","guid":{"rendered":"https:\/\/tecsisel.com\/?p=1505"},"modified":"2022-05-19T15:38:00","modified_gmt":"2022-05-19T15:38:00","slug":"tecsisel-vai-marcar-presenca-na-viv-europe-2022","status":"publish","type":"post","link":"https:\/\/tecsisel.com\/pt\/tecsisel-vai-marcar-presenca-na-viv-europe-2022\/","title":{"rendered":"Tecsisel vai marcar presen\u00e7a na VIV Europe 2022"},"content":{"rendered":"<p>A VIV Europe, uma das maiores feiras internacionais em produ\u00e7\u00e3o animal, vai ter lugar uma vez mais em Utrech, na Holanda, entre os dias 31 de Maio e 2 de Junho de 2022. Uma exposi\u00e7\u00e3o com cerca de 25.000 visitantes esperados de 136 pa\u00edses e quase 600 expositores, na qual a Tecsisel tamb\u00e9m marcar\u00e1 presen\u00e7a.<\/p>\n\n\n\n<p>Visite-nos e venha conhecer as inova\u00e7\u00f5es neste setor. Vamos estar no Pavilh\u00e3o 11, stand F026. Ficamos \u00e0 sua espera.<\/p>\n\n\n\n<p>Fa\u00e7a o seu registo em:&nbsp;<a href=\"https:\/\/www.databadge.net\/vive2022\/reg\/viv\/?link=b9ad9f67794ff5685da7&amp;lan=EN\" target=\"_blank\" rel=\"noreferrer noopener\">https:\/\/www.databadge.net\/vive2022\/reg\/viv\/?link=b9ad9f67794ff5685da7&amp;lan=EN<\/a><\/p>","protected":false},"excerpt":{"rendered":"<p>A VIV Europe, uma das maiores feiras internacionais em produ\u00e7\u00e3o animal, vai ter lugar uma vez mais em Utrech, na Holanda, entre os dias 31 de Maio e 2 de Junho de 2022. Uma exposi\u00e7\u00e3o com cerca de 25.000 visitantes esperados de 136 pa\u00edses e quase 600 expositores, na qual a Tecsisel tamb\u00e9m marcar\u00e1 presen\u00e7a.&hellip; <br \/> <a class=\"read-more\" href=\"https:\/\/tecsisel.com\/pt\/tecsisel-vai-marcar-presenca-na-viv-europe-2022\/\">Read more<\/a><\/p>","protected":false},"author":3,"featured_media":1507,"comment_status":"open","ping_status":"open","sticky":false,"template":"","format":"standard","meta":{"footnotes":""},"categories":[52],"tags":[54,61,60],"class_list":["post-1505","post","type-post","status-publish","format-standard","has-post-thumbnail","hentry","category-feiras","tag-feira","tag-tecsisel","tag-viv-europe"],"_links":{"self":[{"href":"https:\/\/tecsisel.com\/pt\/wp-json\/wp\/v2\/posts\/1505","targetHints":{"allow":["GET"]}}],"collection":[{"href":"https:\/\/tecsisel.com\/pt\/wp-json\/wp\/v2\/posts"}],"about":[{"href":"https:\/\/tecsisel.com\/pt\/wp-json\/wp\/v2\/types\/post"}],"author":[{"embeddable":true,"href":"https:\/\/tecsisel.com\/pt\/wp-json\/wp\/v2\/users\/3"}],"replies":[{"embeddable":true,"href":"https:\/\/tecsisel.com\/pt\/wp-json\/wp\/v2\/comments?post=1505"}],"version-history":[{"count":1,"href":"https:\/\/tecsisel.com\/pt\/wp-json\/wp\/v2\/posts\/1505\/revisions"}],"predecessor-version":[{"id":1508,"href":"https:\/\/tecsisel.com\/pt\/wp-json\/wp\/v2\/posts\/1505\/revisions\/1508"}],"wp:featuredmedia":[{"embeddable":true,"href":"https:\/\/tecsisel.com\/pt\/wp-json\/wp\/v2\/media\/1507"}],"wp:attachment":[{"href":"https:\/\/tecsisel.com\/pt\/wp-json\/wp\/v2\/media?parent=1505"}],"wp:term":[{"taxonomy":"category","embeddable":true,"href":"https:\/\/tecsisel.com\/pt\/wp-json\/wp\/v2\/categories?post=1505"},{"taxonomy":"post_tag","embeddable":true,"href":"https:\/\/tecsisel.com\/pt\/wp-json\/wp\/v2\/tags?post=1505"}],"curies":[{"name":"wp","href":"https:\/\/api.w.org\/{rel}","templated":true}]}}