{"id":1397,"date":"2021-07-08T09:15:50","date_gmt":"2021-07-08T09:15:50","guid":{"rendered":"https:\/\/tecsisel.com\/?p=1397"},"modified":"2021-07-08T09:20:53","modified_gmt":"2021-07-08T09:20:53","slug":"figan-2021","status":"publish","type":"post","link":"https:\/\/tecsisel.com\/pt\/figan-2021\/","title":{"rendered":"Figan 2021"},"content":{"rendered":"<p><strong>FIGAN 2021, EPICENTRO DE INOVA\u00c7\u00c3O E TECNOLOGIA NO SETOR AGR\u00cdCOLA<\/strong><\/p>\n\n\n\n<p>Inova\u00e7\u00e3o e tecnologia s\u00e3o a marca do concurso de refer\u00eancia do setor agropecu\u00e1rio no Arco Mediterr\u00e2neo e que, de 7 a 10 de setembro, re\u00fane profissionais num evento incontorn\u00e1vel.\u00a0A Feira Internacional da Produ\u00e7\u00e3o Animal exibe inova\u00e7\u00e3o, desenvolvimento e tecnologia, epicentro de um evento que, edi\u00e7\u00e3o ap\u00f3s edi\u00e7\u00e3o, se tornou refer\u00eancia para profissionais e empresas, que veem na FIGAN o melhor cen\u00e1rio para a apresenta\u00e7\u00e3o de seus equipamentos e produtos.<\/p>\n\n\n\n<p>A Tecsisel ir\u00e1 marcar presen\u00e7a de 07-10 de Setembro na Figan 2021, fa\u00e7a-nos uma visita no Hall 8, Stand C-D \/ 13-16, contamos consigo. <\/p>","protected":false},"excerpt":{"rendered":"<p>FIGAN 2021, EPICENTRO DE INOVA\u00c7\u00c3O E TECNOLOGIA NO SETOR AGR\u00cdCOLA Inova\u00e7\u00e3o e tecnologia s\u00e3o a marca do concurso de refer\u00eancia do setor agropecu\u00e1rio no Arco Mediterr\u00e2neo e que, de 7 a 10 de setembro, re\u00fane profissionais num evento incontorn\u00e1vel.\u00a0A Feira Internacional da Produ\u00e7\u00e3o Animal exibe inova\u00e7\u00e3o, desenvolvimento e tecnologia, epicentro de um evento que, edi\u00e7\u00e3o&hellip; <br \/> <a class=\"read-more\" href=\"https:\/\/tecsisel.com\/pt\/figan-2021\/\">Read more<\/a><\/p>","protected":false},"author":3,"featured_media":1398,"comment_status":"closed","ping_status":"closed","sticky":false,"template":"","format":"standard","meta":{"footnotes":""},"categories":[52],"tags":[58,56,54,53,57,55],"class_list":["post-1397","post","type-post","status-publish","format-standard","has-post-thumbnail","hentry","category-feiras","tag-58","tag-espanha","tag-feira","tag-figan","tag-setembro","tag-zaragoza"],"_links":{"self":[{"href":"https:\/\/tecsisel.com\/pt\/wp-json\/wp\/v2\/posts\/1397","targetHints":{"allow":["GET"]}}],"collection":[{"href":"https:\/\/tecsisel.com\/pt\/wp-json\/wp\/v2\/posts"}],"about":[{"href":"https:\/\/tecsisel.com\/pt\/wp-json\/wp\/v2\/types\/post"}],"author":[{"embeddable":true,"href":"https:\/\/tecsisel.com\/pt\/wp-json\/wp\/v2\/users\/3"}],"replies":[{"embeddable":true,"href":"https:\/\/tecsisel.com\/pt\/wp-json\/wp\/v2\/comments?post=1397"}],"version-history":[{"count":3,"href":"https:\/\/tecsisel.com\/pt\/wp-json\/wp\/v2\/posts\/1397\/revisions"}],"predecessor-version":[{"id":1401,"href":"https:\/\/tecsisel.com\/pt\/wp-json\/wp\/v2\/posts\/1397\/revisions\/1401"}],"wp:featuredmedia":[{"embeddable":true,"href":"https:\/\/tecsisel.com\/pt\/wp-json\/wp\/v2\/media\/1398"}],"wp:attachment":[{"href":"https:\/\/tecsisel.com\/pt\/wp-json\/wp\/v2\/media?parent=1397"}],"wp:term":[{"taxonomy":"category","embeddable":true,"href":"https:\/\/tecsisel.com\/pt\/wp-json\/wp\/v2\/categories?post=1397"},{"taxonomy":"post_tag","embeddable":true,"href":"https:\/\/tecsisel.com\/pt\/wp-json\/wp\/v2\/tags?post=1397"}],"curies":[{"name":"wp","href":"https:\/\/api.w.org\/{rel}","templated":true}]}}